{"id":4137,"date":"2021-05-11T21:34:29","date_gmt":"2021-05-11T19:34:29","guid":{"rendered":"https:\/\/klub.nautica.poznan.pl\/?p=4137"},"modified":"2021-05-20T22:24:40","modified_gmt":"2021-05-20T20:24:40","slug":"rozpoczecie-sezonu-nurkowego-14-16-05-2021","status":"publish","type":"post","link":"https:\/\/klub.nautica.poznan.pl\/?p=4137","title":{"rendered":"Rozpocz\u0119cie letniego sezonu nurkowego 14-16.05.2021"},"content":{"rendered":"<div class=\"page-restrict-output\">\n<figure class=\"wp-block-image size-large\"><a href=\"https:\/\/klub.nautica.poznan.pl\/wp-content\/uploads\/2021\/05\/WhatsApp-Image-2021-05-11-at-21.16.01.jpeg\"><img decoding=\"async\" loading=\"lazy\" width=\"1024\" height=\"1024\" src=\"https:\/\/klub.nautica.poznan.pl\/wp-content\/uploads\/2021\/05\/WhatsApp-Image-2021-05-11-at-21.16.01-1024x1024.jpeg\" alt=\"\" class=\"wp-image-4142\" srcset=\"https:\/\/klub.nautica.poznan.pl\/wp-content\/uploads\/2021\/05\/WhatsApp-Image-2021-05-11-at-21.16.01-1024x1024.jpeg 1024w, https:\/\/klub.nautica.poznan.pl\/wp-content\/uploads\/2021\/05\/WhatsApp-Image-2021-05-11-at-21.16.01-300x300.jpeg 300w, https:\/\/klub.nautica.poznan.pl\/wp-content\/uploads\/2021\/05\/WhatsApp-Image-2021-05-11-at-21.16.01-150x150.jpeg 150w, https:\/\/klub.nautica.poznan.pl\/wp-content\/uploads\/2021\/05\/WhatsApp-Image-2021-05-11-at-21.16.01-768x768.jpeg 768w, https:\/\/klub.nautica.poznan.pl\/wp-content\/uploads\/2021\/05\/WhatsApp-Image-2021-05-11-at-21.16.01-1536x1536.jpeg 1536w, https:\/\/klub.nautica.poznan.pl\/wp-content\/uploads\/2021\/05\/WhatsApp-Image-2021-05-11-at-21.16.01-730x730.jpeg 730w, https:\/\/klub.nautica.poznan.pl\/wp-content\/uploads\/2021\/05\/WhatsApp-Image-2021-05-11-at-21.16.01.jpeg 1600w\" sizes=\"(max-width: 1024px) 100vw, 1024px\" \/><\/a><\/figure>\n\n\n\n<p>Prze\u0142om kwietnia i maja to doskona\u0142y czas na rozpocz\u0119cie sezonu nurkowego. Woda z ka\u017cdym dniem staje si\u0119 coraz cieplejsza, dzie\u0144 robi si\u0119 d\u0142u\u017cy, a ch\u0119\u0107 zanurkowania po zimowej przerwie jest ogromna. Nie spos\u00f3b si\u0119 z tym nie zgodzi\u0107, prawda? Czy Wy podobnie jak my, nie mo\u017cecie doczeka\u0107 si\u0119 kolejnego zej\u015bcia pod wod\u0119? A mo\u017ce marzycie o rozpaleniu grilla pomi\u0119dzy nurkowaniami i zjedzeniu pysznego szasz\u0142yka? Bez wzgl\u0119du na to jakie macie pragnienia i co przez Was przemawia, jedno jest pewne: lato zbli\u017ca si\u0119 wielkimi krokami.<\/p>\n\n\n\n<p>My swoje pierwsze nurkowania w sezonie 2021 wprawdzie mamy ju\u017c za sob\u0105. I wcale nie mamy tu na my\u015bli nurkowania w ciep\u0142ych, przejrzystych wodach! Wr\u0119cz przeciwnie \u2013 Powidz i Honoratk\u0119 mamy ju\u017c zaliczone, a Wy? Je\u015bli jeszcze tego nie zrobili\u015bcie, to zach\u0119camy do wyj\u0119cia sprz\u0119tu z szafy i jak najszybszego wskoczenia do wody.<\/p>\n\n\n\n<p>Rozpocz\u0119cie sezonu nurkowego to r\u00f3wnie\u017c doskona\u0142y moment na odnowienie znajomo\u015bci. Pewnie ka\u017cdy z nas ma takiego koleg\u0119 lub kole\u017cank\u0119, z kt\u00f3rym widuje si\u0119 g\u0142\u00f3wnie podczas wyjazd\u00f3w nurkowych, prawda? Dlatego te\u017c, nasz Klub Nurkowy zawsze b\u0119dzie zamieszcza\u0142 informacje na FB lub stronie Klubu, a tak\u017ce wy\u015ble e-mail do Klubowicz\u00f3w o rozpocz\u0119ciu sezonu nurkowego, zbli\u017caj\u0105cych si\u0119 wyjazdach nurkowych oraz o innych nurkowych aktywno\u015bciach zach\u0119caj\u0105c tym samym do wsp\u00f3lnego sp\u0119dzania czasu. Pami\u0119tajcie, \u017ce zawsze mo\u017cecie wypo\u017cyczy\u0107 sprz\u0119t lub nape\u0142ni\u0107 butle w Pozna\u0144skim Centrum Nurkowym Nautica.<\/p>\n\n\n\n<p><strong>Kwestie organizacyjne<\/strong><\/p>\n\n\n\n<p>Czekamy na Was w terminie: 14-16.05.2021<br>Miejsce: jezioro Du\u017cy Szarcz<br>Nocleg: Karina &#8211; O\u015brodek Wypoczynkowy ul. Orli K\u0105t 15 66-330 Pszczew   <a href=\"http:\/\/www.o-karina.pl\/menu-14-Dojazd-111.html\">Dojazd (o-karina.pl)<\/a><\/p>\n\n\n\n<p><strong>O\u015brodek wypoczynkowy Karina polo\u017cony jest na terenie Pszczewskiego Parku Krajobrazowego nad jeziorem Szarcz.<\/strong> szczeg\u00f3\u0142owe informacji o o\u015brodku, pokojach, domkach czy polu namiotowym i ca\u0142ej dost\u0119pnej infrastrukturze zapraszamy bezpo\u015brednio na stron\u0119 &#8211;  <a href=\"http:\/\/www.o-karina.pl\/menu-14-Nasza_Oferta-40.html\">Nasza Oferta (o-karina.pl)<\/a><br><br>Kontakt z nami:<br>knp.nautica@gmail.com<br>Agnieszka, tel: 602132939, Marlena: 601160978, Beata: 693835356<\/p>\n\n\n\n<p><\/p>\n\n\n\n<p><\/p>\n<fb:like href='https:\/\/klub.nautica.poznan.pl\/?p=4137' send='true' layout='standard' show_faces='true' width='450' height='65' action='like' colorscheme='light' font='lucida grande'><\/fb:like><\/div>","protected":false},"excerpt":{"rendered":"<div class=\"page-restrict-output\"><p>Prze\u0142om kwietnia i maja to doskona\u0142y czas na rozpocz\u0119cie sezonu nurkowego. Woda z ka\u017cdym dniem staje si\u0119 coraz cieplejsza, dzie\u0144 robi si\u0119 d\u0142u\u017cy, a ch\u0119\u0107 zanurkowania po zimowej przerwie jest ogromna. Nie spos\u00f3b si\u0119 z tym nie zgodzi\u0107, prawda? Czy Wy podobnie jak my, nie mo\u017cecie doczeka\u0107 si\u0119 kolejnego zej\u015bcia pod wod\u0119? A mo\u017ce marzycie [&#8230;]<\/p>\n<\/div>","protected":false},"author":142,"featured_media":0,"comment_status":"open","ping_status":"closed","sticky":false,"template":"","format":"standard","meta":{"ngg_post_thumbnail":0},"categories":[1],"tags":[],"_links":{"self":[{"href":"https:\/\/klub.nautica.poznan.pl\/index.php?rest_route=\/wp\/v2\/posts\/4137"}],"collection":[{"href":"https:\/\/klub.nautica.poznan.pl\/index.php?rest_route=\/wp\/v2\/posts"}],"about":[{"href":"https:\/\/klub.nautica.poznan.pl\/index.php?rest_route=\/wp\/v2\/types\/post"}],"author":[{"embeddable":true,"href":"https:\/\/klub.nautica.poznan.pl\/index.php?rest_route=\/wp\/v2\/users\/142"}],"replies":[{"embeddable":true,"href":"https:\/\/klub.nautica.poznan.pl\/index.php?rest_route=%2Fwp%2Fv2%2Fcomments&post=4137"}],"version-history":[{"count":11,"href":"https:\/\/klub.nautica.poznan.pl\/index.php?rest_route=\/wp\/v2\/posts\/4137\/revisions"}],"predecessor-version":[{"id":4190,"href":"https:\/\/klub.nautica.poznan.pl\/index.php?rest_route=\/wp\/v2\/posts\/4137\/revisions\/4190"}],"wp:attachment":[{"href":"https:\/\/klub.nautica.poznan.pl\/index.php?rest_route=%2Fwp%2Fv2%2Fmedia&parent=4137"}],"wp:term":[{"taxonomy":"category","embeddable":true,"href":"https:\/\/klub.nautica.poznan.pl\/index.php?rest_route=%2Fwp%2Fv2%2Fcategories&post=4137"},{"taxonomy":"post_tag","embeddable":true,"href":"https:\/\/klub.nautica.poznan.pl\/index.php?rest_route=%2Fwp%2Fv2%2Ftags&post=4137"}],"curies":[{"name":"wp","href":"https:\/\/api.w.org\/{rel}","templated":true}]}}